{"id":9599,"date":"2025-04-11T09:08:00","date_gmt":"2025-04-11T06:08:00","guid":{"rendered":"https:\/\/visitoulu.fi\/?p=9599"},"modified":"2025-07-08T16:31:23","modified_gmt":"2025-07-08T13:31:23","slug":"housing-fair-oulu-2025","status":"publish","type":"post","link":"http:\/\/visitoulufi-2025-10-14_10_27_17.test.cchosting.fi\/en\/housing-fair-oulu-2025\/","title":{"rendered":"Tuuppa to the Oulu Housing Fair - experience the relaxed Oulu language!"},"content":{"rendered":"<p>Finland's largest housing event will take over Oulu from 18 July to 17 August 2025, when the Housing Fair will land in the unique Hartaansel\u00e4nranta estuary. The proximity of the sea, the green surroundings and the Oulu rhythm of life make the area a fascinating destination for both newcomers to housing and summer tourists. In Hartaansel\u00e4nranta, charcoal-wise homes, public art and modern building solutions form an experiential whole, which is also at the heart of Oulu's preparations for the Capital of Culture year 2026. Come and experience the living of the future and enjoy the Oulu summer!<\/p>\n\n\n\n<p><strong>Buy tickets and read more <a href=\"https:\/\/www.asuntomessut.fi\/oulu-2025\">here.<\/a><\/strong><\/p>\n\n\n\n<p><\/p>","protected":false},"excerpt":{"rendered":"<p>Suomen suurin asumisen tapahtuma valtaa Oulun 18.7.\u201317.8.2025, kun Asuntomessut rantautuvat Hartaansel\u00e4nrannan uniikkiin jokisuistoalueeseen. Meren l\u00e4heisyys, vehre\u00e4 ymp\u00e4rist\u00f6 ja oululainen el\u00e4m\u00e4nrytmi tekev\u00e4t alueesta kiehtovan kohteen niin asumisen uusille tuulille kuin kes\u00e4matkailijoille. Hartaansel\u00e4nrannassa hiiliviisaat kodit, julkinen taide ja modernit rakentamisen ratkaisut muodostavat el\u00e4myksellisen kokonaisuuden, jonka ytimess\u00e4 sykkii my\u00f6s Oulun valmistautuminen kulttuurip\u00e4\u00e4kaupunkivuoteen 2026. Tule kokemaan tulevaisuuden asuminen ja [&#8230;]<\/p>\n<p><a class=\"btn btn-secondary understrap-read-more-link\" href=\"http:\/\/visitoulufi-2025-10-14_10_27_17.test.cchosting.fi\/en\/housing-fair-oulu-2025\/\">Read More&#8230;<span class=\"screen-reader-text\"> from Tuuppa Asuntomessuille Ouluun \u2013 koe leppoisa oulumieli!<\/span><\/a><\/p>","protected":false},"author":32,"featured_media":10586,"comment_status":"closed","ping_status":"open","sticky":false,"template":"","format":"standard","meta":{"_acf_changed":false,"content-type":"","footnotes":""},"categories":[111,1],"tags":[],"coauthors":[195],"class_list":["post-9599","post","type-post","status-publish","format-standard","has-post-thumbnail","hentry","category-naekoe","category-uncategorized-fi"],"acf":[],"yoast_head":"<!-- This site is optimized with the Yoast SEO plugin v26.0 - https:\/\/yoast.com\/wordpress\/plugins\/seo\/ -->\n<title>Tuuppa Asuntomessuille Ouluun \u2013 koe leppoisa oulumieli! - Visit Oulu<\/title>\n<meta name=\"description\" content=\"Asuntomessut saapuvat Ouluun 18.7.\u201317.8., tarjoten ainutlaatuisen mahdollisuuden tutustua luonnonl\u00e4heiseen asuinalueeseen aivan kaupungin syd\u00e4mess\u00e4.\" \/>\n<meta name=\"robots\" content=\"index, follow, max-snippet:-1, max-image-preview:large, max-video-preview:-1\" \/>\n<link rel=\"canonical\" href=\"https:\/\/visitoulufi-2025-10-14_10_27_17.test.cchosting.fi\/en\/housing-fair-oulu-2025\/\" \/>\n<meta property=\"og:locale\" content=\"en_US\" \/>\n<meta property=\"og:type\" content=\"article\" \/>\n<meta property=\"og:title\" content=\"Tuuppa Asuntomessuille Ouluun \u2013 koe leppoisa oulumieli! - Visit Oulu\" \/>\n<meta property=\"og:description\" content=\"Asuntomessut saapuvat Ouluun 18.7.\u201317.8., tarjoten ainutlaatuisen mahdollisuuden tutustua luonnonl\u00e4heiseen asuinalueeseen aivan kaupungin syd\u00e4mess\u00e4.\" \/>\n<meta property=\"og:url\" content=\"https:\/\/visitoulufi-2025-10-14_10_27_17.test.cchosting.fi\/en\/housing-fair-oulu-2025\/\" \/>\n<meta property=\"og:site_name\" content=\"Visit Oulu\" \/>\n<meta property=\"article:published_time\" content=\"2025-04-11T06:08:00+00:00\" \/>\n<meta property=\"article:modified_time\" content=\"2025-07-08T13:31:23+00:00\" \/>\n<meta property=\"og:image\" content=\"https:\/\/visitoulufi-2025-10-14_10_27_17.test.cchosting.fi\/wp-content\/uploads\/2025\/04\/DSC088061.jpg\" \/>\n\t<meta property=\"og:image:width\" content=\"2048\" \/>\n\t<meta property=\"og:image:height\" content=\"1494\" \/>\n\t<meta property=\"og:image:type\" content=\"image\/jpeg\" \/>\n<meta name=\"author\" content=\"Rosa Ruuskanen\" \/>\n<meta name=\"twitter:card\" content=\"summary_large_image\" \/>\n<meta name=\"twitter:label1\" content=\"Written by\" \/>\n\t<meta name=\"twitter:data1\" content=\"Rosa Ruuskanen\" \/>\n\t<meta name=\"twitter:label2\" content=\"Est. reading time\" \/>\n\t<meta name=\"twitter:data2\" content=\"4 minutes\" \/>\n<script type=\"application\/ld+json\" class=\"yoast-schema-graph\">{\"@context\":\"https:\/\/schema.org\",\"@graph\":[{\"@type\":\"WebPage\",\"@id\":\"https:\/\/visitoulufi-2025-10-14_10_27_17.test.cchosting.fi\/asuntomessut-oulu-2025\/\",\"url\":\"https:\/\/visitoulufi-2025-10-14_10_27_17.test.cchosting.fi\/asuntomessut-oulu-2025\/\",\"name\":\"Tuuppa Asuntomessuille Ouluun \u2013 koe leppoisa oulumieli! - Visit Oulu\",\"isPartOf\":{\"@id\":\"https:\/\/visitoulufi-2025-10-14_10_27_17.test.cchosting.fi\/#website\"},\"primaryImageOfPage\":{\"@id\":\"https:\/\/visitoulufi-2025-10-14_10_27_17.test.cchosting.fi\/asuntomessut-oulu-2025\/#primaryimage\"},\"image\":{\"@id\":\"https:\/\/visitoulufi-2025-10-14_10_27_17.test.cchosting.fi\/asuntomessut-oulu-2025\/#primaryimage\"},\"thumbnailUrl\":\"https:\/\/visitoulufi-2025-10-14_10_27_17.test.cchosting.fi\/wp-content\/uploads\/2025\/04\/DSC088061.jpg\",\"datePublished\":\"2025-04-11T06:08:00+00:00\",\"dateModified\":\"2025-07-08T13:31:23+00:00\",\"author\":{\"@id\":\"https:\/\/visitoulufi-2025-10-14_10_27_17.test.cchosting.fi\/#\/schema\/person\/b8e5a4a1f07dd73554ffbbe2b8e8dc58\"},\"description\":\"Asuntomessut saapuvat Ouluun 18.7.\u201317.8., tarjoten ainutlaatuisen mahdollisuuden tutustua luonnonl\u00e4heiseen asuinalueeseen aivan kaupungin syd\u00e4mess\u00e4.\",\"breadcrumb\":{\"@id\":\"https:\/\/visitoulufi-2025-10-14_10_27_17.test.cchosting.fi\/asuntomessut-oulu-2025\/#breadcrumb\"},\"inLanguage\":\"en-US\",\"potentialAction\":[{\"@type\":\"ReadAction\",\"target\":[\"https:\/\/visitoulufi-2025-10-14_10_27_17.test.cchosting.fi\/asuntomessut-oulu-2025\/\"]}]},{\"@type\":\"ImageObject\",\"inLanguage\":\"en-US\",\"@id\":\"https:\/\/visitoulufi-2025-10-14_10_27_17.test.cchosting.fi\/asuntomessut-oulu-2025\/#primaryimage\",\"url\":\"https:\/\/visitoulufi-2025-10-14_10_27_17.test.cchosting.fi\/wp-content\/uploads\/2025\/04\/DSC088061.jpg\",\"contentUrl\":\"https:\/\/visitoulufi-2025-10-14_10_27_17.test.cchosting.fi\/wp-content\/uploads\/2025\/04\/DSC088061.jpg\",\"width\":2048,\"height\":1494},{\"@type\":\"BreadcrumbList\",\"@id\":\"https:\/\/visitoulufi-2025-10-14_10_27_17.test.cchosting.fi\/asuntomessut-oulu-2025\/#breadcrumb\",\"itemListElement\":[{\"@type\":\"ListItem\",\"position\":1,\"name\":\"Etusivu\",\"item\":\"https:\/\/visitoulufi-2025-10-14_10_27_17.test.cchosting.fi\/\"},{\"@type\":\"ListItem\",\"position\":2,\"name\":\"Tuuppa Asuntomessuille Ouluun \u2013 koe leppoisa oulumieli!\"}]},{\"@type\":\"WebSite\",\"@id\":\"https:\/\/visitoulufi-2025-10-14_10_27_17.test.cchosting.fi\/#website\",\"url\":\"https:\/\/visitoulufi-2025-10-14_10_27_17.test.cchosting.fi\/\",\"name\":\"Visit Oulu\",\"description\":\"\",\"potentialAction\":[{\"@type\":\"SearchAction\",\"target\":{\"@type\":\"EntryPoint\",\"urlTemplate\":\"https:\/\/visitoulufi-2025-10-14_10_27_17.test.cchosting.fi\/?s={search_term_string}\"},\"query-input\":{\"@type\":\"PropertyValueSpecification\",\"valueRequired\":true,\"valueName\":\"search_term_string\"}}],\"inLanguage\":\"en-US\"},{\"@type\":\"Person\",\"@id\":\"https:\/\/visitoulufi-2025-10-14_10_27_17.test.cchosting.fi\/#\/schema\/person\/b8e5a4a1f07dd73554ffbbe2b8e8dc58\",\"name\":\"Rosa Ruuskanen\",\"image\":{\"@type\":\"ImageObject\",\"inLanguage\":\"en-US\",\"@id\":\"https:\/\/visitoulufi-2025-10-14_10_27_17.test.cchosting.fi\/#\/schema\/person\/image\/c5227ba7c3f401aa50ca43e56399553f\",\"url\":\"https:\/\/secure.gravatar.com\/avatar\/ccc3f3faaf914d7086285c9a5914ab5034c81ccd25f3274a6f036ce798271ae7?s=96&d=mm&r=g\",\"contentUrl\":\"https:\/\/secure.gravatar.com\/avatar\/ccc3f3faaf914d7086285c9a5914ab5034c81ccd25f3274a6f036ce798271ae7?s=96&d=mm&r=g\",\"caption\":\"Rosa Ruuskanen\"},\"url\":\"http:\/\/visitoulufi-2025-10-14_10_27_17.test.cchosting.fi\/en\/author\/rosavisitoulu-fi\/\"}]}<\/script>\n<!-- \/ Yoast SEO plugin. -->","yoast_head_json":{"title":"Tuuppa to Oulu Housing Fair - experience the relaxed Oulu language - Visit Oulu","description":"The Housing Fair will arrive in Oulu from 18 July to 17 August, offering a unique opportunity to explore a residential area close to nature, right in the heart of the city.","robots":{"index":"index","follow":"follow","max-snippet":"max-snippet:-1","max-image-preview":"max-image-preview:large","max-video-preview":"max-video-preview:-1"},"canonical":"https:\/\/visitoulufi-2025-10-14_10_27_17.test.cchosting.fi\/en\/housing-fair-oulu-2025\/","og_locale":"en_US","og_type":"article","og_title":"Tuuppa Asuntomessuille Ouluun \u2013 koe leppoisa oulumieli! - Visit Oulu","og_description":"Asuntomessut saapuvat Ouluun 18.7.\u201317.8., tarjoten ainutlaatuisen mahdollisuuden tutustua luonnonl\u00e4heiseen asuinalueeseen aivan kaupungin syd\u00e4mess\u00e4.","og_url":"https:\/\/visitoulufi-2025-10-14_10_27_17.test.cchosting.fi\/en\/housing-fair-oulu-2025\/","og_site_name":"Visit Oulu","article_published_time":"2025-04-11T06:08:00+00:00","article_modified_time":"2025-07-08T13:31:23+00:00","og_image":[{"width":2048,"height":1494,"url":"https:\/\/visitoulufi-2025-10-14_10_27_17.test.cchosting.fi\/wp-content\/uploads\/2025\/04\/DSC088061.jpg","type":"image\/jpeg"}],"author":"Rosa Ruuskanen","twitter_card":"summary_large_image","twitter_misc":{"Written by":"Rosa Ruuskanen","Est. reading time":"4 minutes"},"schema":{"@context":"https:\/\/schema.org","@graph":[{"@type":"WebPage","@id":"https:\/\/visitoulufi-2025-10-14_10_27_17.test.cchosting.fi\/asuntomessut-oulu-2025\/","url":"https:\/\/visitoulufi-2025-10-14_10_27_17.test.cchosting.fi\/asuntomessut-oulu-2025\/","name":"Tuuppa to Oulu Housing Fair - experience the relaxed Oulu language - Visit Oulu","isPartOf":{"@id":"https:\/\/visitoulufi-2025-10-14_10_27_17.test.cchosting.fi\/#website"},"primaryImageOfPage":{"@id":"https:\/\/visitoulufi-2025-10-14_10_27_17.test.cchosting.fi\/asuntomessut-oulu-2025\/#primaryimage"},"image":{"@id":"https:\/\/visitoulufi-2025-10-14_10_27_17.test.cchosting.fi\/asuntomessut-oulu-2025\/#primaryimage"},"thumbnailUrl":"https:\/\/visitoulufi-2025-10-14_10_27_17.test.cchosting.fi\/wp-content\/uploads\/2025\/04\/DSC088061.jpg","datePublished":"2025-04-11T06:08:00+00:00","dateModified":"2025-07-08T13:31:23+00:00","author":{"@id":"https:\/\/visitoulufi-2025-10-14_10_27_17.test.cchosting.fi\/#\/schema\/person\/b8e5a4a1f07dd73554ffbbe2b8e8dc58"},"description":"The Housing Fair will arrive in Oulu from 18 July to 17 August, offering a unique opportunity to explore a residential area close to nature, right in the heart of the city.","breadcrumb":{"@id":"https:\/\/visitoulufi-2025-10-14_10_27_17.test.cchosting.fi\/asuntomessut-oulu-2025\/#breadcrumb"},"inLanguage":"en-US","potentialAction":[{"@type":"ReadAction","target":["https:\/\/visitoulufi-2025-10-14_10_27_17.test.cchosting.fi\/asuntomessut-oulu-2025\/"]}]},{"@type":"ImageObject","inLanguage":"en-US","@id":"https:\/\/visitoulufi-2025-10-14_10_27_17.test.cchosting.fi\/asuntomessut-oulu-2025\/#primaryimage","url":"https:\/\/visitoulufi-2025-10-14_10_27_17.test.cchosting.fi\/wp-content\/uploads\/2025\/04\/DSC088061.jpg","contentUrl":"https:\/\/visitoulufi-2025-10-14_10_27_17.test.cchosting.fi\/wp-content\/uploads\/2025\/04\/DSC088061.jpg","width":2048,"height":1494},{"@type":"BreadcrumbList","@id":"https:\/\/visitoulufi-2025-10-14_10_27_17.test.cchosting.fi\/asuntomessut-oulu-2025\/#breadcrumb","itemListElement":[{"@type":"ListItem","position":1,"name":"Etusivu","item":"https:\/\/visitoulufi-2025-10-14_10_27_17.test.cchosting.fi\/"},{"@type":"ListItem","position":2,"name":"Tuuppa Asuntomessuille Ouluun \u2013 koe leppoisa oulumieli!"}]},{"@type":"WebSite","@id":"https:\/\/visitoulufi-2025-10-14_10_27_17.test.cchosting.fi\/#website","url":"https:\/\/visitoulufi-2025-10-14_10_27_17.test.cchosting.fi\/","name":"Visit Oulu","description":"","potentialAction":[{"@type":"SearchAction","target":{"@type":"EntryPoint","urlTemplate":"https:\/\/visitoulufi-2025-10-14_10_27_17.test.cchosting.fi\/?s={search_term_string}"},"query-input":{"@type":"PropertyValueSpecification","valueRequired":true,"valueName":"search_term_string"}}],"inLanguage":"en-US"},{"@type":"Person","@id":"https:\/\/visitoulufi-2025-10-14_10_27_17.test.cchosting.fi\/#\/schema\/person\/b8e5a4a1f07dd73554ffbbe2b8e8dc58","name":"Rosa Ruuskanen","image":{"@type":"ImageObject","inLanguage":"en-US","@id":"https:\/\/visitoulufi-2025-10-14_10_27_17.test.cchosting.fi\/#\/schema\/person\/image\/c5227ba7c3f401aa50ca43e56399553f","url":"https:\/\/secure.gravatar.com\/avatar\/ccc3f3faaf914d7086285c9a5914ab5034c81ccd25f3274a6f036ce798271ae7?s=96&d=mm&r=g","contentUrl":"https:\/\/secure.gravatar.com\/avatar\/ccc3f3faaf914d7086285c9a5914ab5034c81ccd25f3274a6f036ce798271ae7?s=96&d=mm&r=g","caption":"Rosa Ruuskanen"},"url":"http:\/\/visitoulufi-2025-10-14_10_27_17.test.cchosting.fi\/en\/author\/rosavisitoulu-fi\/"}]}},"_links":{"self":[{"href":"http:\/\/visitoulufi-2025-10-14_10_27_17.test.cchosting.fi\/en\/wp-json\/wp\/v2\/posts\/9599","targetHints":{"allow":["GET"]}}],"collection":[{"href":"http:\/\/visitoulufi-2025-10-14_10_27_17.test.cchosting.fi\/en\/wp-json\/wp\/v2\/posts"}],"about":[{"href":"http:\/\/visitoulufi-2025-10-14_10_27_17.test.cchosting.fi\/en\/wp-json\/wp\/v2\/types\/post"}],"author":[{"embeddable":true,"href":"http:\/\/visitoulufi-2025-10-14_10_27_17.test.cchosting.fi\/en\/wp-json\/wp\/v2\/users\/32"}],"replies":[{"embeddable":true,"href":"http:\/\/visitoulufi-2025-10-14_10_27_17.test.cchosting.fi\/en\/wp-json\/wp\/v2\/comments?post=9599"}],"version-history":[{"count":42,"href":"http:\/\/visitoulufi-2025-10-14_10_27_17.test.cchosting.fi\/en\/wp-json\/wp\/v2\/posts\/9599\/revisions"}],"predecessor-version":[{"id":11713,"href":"http:\/\/visitoulufi-2025-10-14_10_27_17.test.cchosting.fi\/en\/wp-json\/wp\/v2\/posts\/9599\/revisions\/11713"}],"wp:featuredmedia":[{"embeddable":true,"href":"http:\/\/visitoulufi-2025-10-14_10_27_17.test.cchosting.fi\/en\/wp-json\/wp\/v2\/media\/10586"}],"wp:attachment":[{"href":"http:\/\/visitoulufi-2025-10-14_10_27_17.test.cchosting.fi\/en\/wp-json\/wp\/v2\/media?parent=9599"}],"wp:term":[{"taxonomy":"category","embeddable":true,"href":"http:\/\/visitoulufi-2025-10-14_10_27_17.test.cchosting.fi\/en\/wp-json\/wp\/v2\/categories?post=9599"},{"taxonomy":"post_tag","embeddable":true,"href":"http:\/\/visitoulufi-2025-10-14_10_27_17.test.cchosting.fi\/en\/wp-json\/wp\/v2\/tags?post=9599"},{"taxonomy":"author","embeddable":true,"href":"http:\/\/visitoulufi-2025-10-14_10_27_17.test.cchosting.fi\/en\/wp-json\/wp\/v2\/coauthors?post=9599"}],"curies":[{"name":"wp","href":"https:\/\/api.w.org\/{rel}","templated":true}]}}